{"id":2930,"date":"2025-12-09T21:40:00","date_gmt":"2025-12-09T20:40:00","guid":{"rendered":"https:\/\/orgueargenton36.fr\/?p=2930"},"modified":"2026-01-05T10:42:17","modified_gmt":"2026-01-05T09:42:17","slug":"retour-sur-le-concert-duo-orgue-saxophone-du-7-decembre-2025","status":"publish","type":"post","link":"https:\/\/orgueargenton36.fr\/index.php\/2025\/12\/09\/retour-sur-le-concert-duo-orgue-saxophone-du-7-decembre-2025\/","title":{"rendered":"Retour sur le Concert Duo Orgue Saxophone du 7 d\u00e9cembre 2025"},"content":{"rendered":"\n<h2 class=\"wp-block-heading has-text-align-center\"><strong>Un magnifique Duo venu de Bavi\u00e8re, pour un programme d&rsquo;exception et un public conquis<\/strong><\/h2>\n\n\n\n<figure class=\"wp-block-image size-large\"><img fetchpriority=\"high\" decoding=\"async\" width=\"725\" height=\"1024\" src=\"https:\/\/orgueargenton36.fr\/wp-content\/uploads\/2025\/12\/7-decembre-Programme-et-CV-concert-Orgue-saxo_page-0001-725x1024.jpg\" alt=\"\" class=\"wp-image-2932\" srcset=\"https:\/\/orgueargenton36.fr\/wp-content\/uploads\/2025\/12\/7-decembre-Programme-et-CV-concert-Orgue-saxo_page-0001-725x1024.jpg 725w, https:\/\/orgueargenton36.fr\/wp-content\/uploads\/2025\/12\/7-decembre-Programme-et-CV-concert-Orgue-saxo_page-0001-212x300.jpg 212w, https:\/\/orgueargenton36.fr\/wp-content\/uploads\/2025\/12\/7-decembre-Programme-et-CV-concert-Orgue-saxo_page-0001-768x1085.jpg 768w, https:\/\/orgueargenton36.fr\/wp-content\/uploads\/2025\/12\/7-decembre-Programme-et-CV-concert-Orgue-saxo_page-0001-1087x1536.jpg 1087w, https:\/\/orgueargenton36.fr\/wp-content\/uploads\/2025\/12\/7-decembre-Programme-et-CV-concert-Orgue-saxo_page-0001.jpg 1242w\" sizes=\"(max-width: 725px) 100vw, 725px\" \/><\/figure>\n\n\n\n<figure class=\"wp-block-image size-large\"><img decoding=\"async\" width=\"769\" height=\"1024\" src=\"https:\/\/orgueargenton36.fr\/wp-content\/uploads\/2025\/12\/PXL_20251207_143930571-769x1024.jpg\" alt=\"\" class=\"wp-image-2934\" srcset=\"https:\/\/orgueargenton36.fr\/wp-content\/uploads\/2025\/12\/PXL_20251207_143930571-769x1024.jpg 769w, https:\/\/orgueargenton36.fr\/wp-content\/uploads\/2025\/12\/PXL_20251207_143930571-225x300.jpg 225w, https:\/\/orgueargenton36.fr\/wp-content\/uploads\/2025\/12\/PXL_20251207_143930571-768x1023.jpg 768w, https:\/\/orgueargenton36.fr\/wp-content\/uploads\/2025\/12\/PXL_20251207_143930571-1153x1536.jpg 1153w, https:\/\/orgueargenton36.fr\/wp-content\/uploads\/2025\/12\/PXL_20251207_143930571-1538x2048.jpg 1538w, https:\/\/orgueargenton36.fr\/wp-content\/uploads\/2025\/12\/PXL_20251207_143930571-scaled.jpg 1922w\" sizes=\"(max-width: 769px) 100vw, 769px\" \/><\/figure>\n\n\n\n<figure class=\"wp-block-image size-large\"><img decoding=\"async\" width=\"769\" height=\"1024\" src=\"https:\/\/orgueargenton36.fr\/wp-content\/uploads\/2025\/12\/PXL_20251207_144239964.MP_-769x1024.jpg\" alt=\"\" class=\"wp-image-2935\" srcset=\"https:\/\/orgueargenton36.fr\/wp-content\/uploads\/2025\/12\/PXL_20251207_144239964.MP_-769x1024.jpg 769w, https:\/\/orgueargenton36.fr\/wp-content\/uploads\/2025\/12\/PXL_20251207_144239964.MP_-225x300.jpg 225w, https:\/\/orgueargenton36.fr\/wp-content\/uploads\/2025\/12\/PXL_20251207_144239964.MP_-768x1023.jpg 768w, https:\/\/orgueargenton36.fr\/wp-content\/uploads\/2025\/12\/PXL_20251207_144239964.MP_-1153x1536.jpg 1153w, https:\/\/orgueargenton36.fr\/wp-content\/uploads\/2025\/12\/PXL_20251207_144239964.MP_-1538x2048.jpg 1538w, https:\/\/orgueargenton36.fr\/wp-content\/uploads\/2025\/12\/PXL_20251207_144239964.MP_-scaled.jpg 1922w\" sizes=\"(max-width: 769px) 100vw, 769px\" \/><\/figure>\n\n\n\n<figure class=\"wp-block-image size-large\"><img loading=\"lazy\" decoding=\"async\" width=\"725\" height=\"1024\" src=\"https:\/\/orgueargenton36.fr\/wp-content\/uploads\/2025\/12\/7-decembre-Programme-et-CV-concert-Orgue-saxo_page-0002-1-725x1024.jpg\" alt=\"\" class=\"wp-image-2933\" srcset=\"https:\/\/orgueargenton36.fr\/wp-content\/uploads\/2025\/12\/7-decembre-Programme-et-CV-concert-Orgue-saxo_page-0002-1-725x1024.jpg 725w, https:\/\/orgueargenton36.fr\/wp-content\/uploads\/2025\/12\/7-decembre-Programme-et-CV-concert-Orgue-saxo_page-0002-1-212x300.jpg 212w, https:\/\/orgueargenton36.fr\/wp-content\/uploads\/2025\/12\/7-decembre-Programme-et-CV-concert-Orgue-saxo_page-0002-1-768x1085.jpg 768w, https:\/\/orgueargenton36.fr\/wp-content\/uploads\/2025\/12\/7-decembre-Programme-et-CV-concert-Orgue-saxo_page-0002-1-1087x1536.jpg 1087w, https:\/\/orgueargenton36.fr\/wp-content\/uploads\/2025\/12\/7-decembre-Programme-et-CV-concert-Orgue-saxo_page-0002-1.jpg 1242w\" sizes=\"(max-width: 725px) 100vw, 725px\" \/><\/figure>\n","protected":false},"excerpt":{"rendered":"<p>Un magnifique Duo venu de Bavi\u00e8re, pour un programme d&rsquo;exception et un public conquis<\/p>\n","protected":false},"author":2,"featured_media":2934,"comment_status":"open","ping_status":"open","sticky":false,"template":"","format":"standard","meta":{"footnotes":""},"categories":[46,17,42,1],"tags":[],"class_list":["post-2930","post","type-post","status-publish","format-standard","has-post-thumbnail","hentry","category-46","category-actuargenton","category-concerts","category-non-classe"],"yoast_head":"<!-- This site is optimized with the Yoast SEO plugin v26.6 - https:\/\/yoast.com\/wordpress\/plugins\/seo\/ -->\n<title>Retour sur le Concert Duo Orgue Saxophone du 7 d\u00e9cembre 2025 - Les amis de l&#039;orgue d&#039;Argenton-sur-Creuse<\/title>\n<meta name=\"robots\" content=\"index, follow, max-snippet:-1, max-image-preview:large, max-video-preview:-1\" \/>\n<link rel=\"canonical\" href=\"https:\/\/orgueargenton36.fr\/index.php\/2025\/12\/09\/retour-sur-le-concert-duo-orgue-saxophone-du-7-decembre-2025\/\" \/>\n<meta property=\"og:locale\" content=\"fr_FR\" \/>\n<meta property=\"og:type\" content=\"article\" \/>\n<meta property=\"og:title\" content=\"Retour sur le Concert Duo Orgue Saxophone du 7 d\u00e9cembre 2025 - Les amis de l&#039;orgue d&#039;Argenton-sur-Creuse\" \/>\n<meta property=\"og:description\" content=\"Un magnifique Duo venu de Bavi\u00e8re, pour un programme d&rsquo;exception et un public conquis\" \/>\n<meta property=\"og:url\" content=\"https:\/\/orgueargenton36.fr\/index.php\/2025\/12\/09\/retour-sur-le-concert-duo-orgue-saxophone-du-7-decembre-2025\/\" \/>\n<meta property=\"og:site_name\" content=\"Les amis de l&#039;orgue d&#039;Argenton-sur-Creuse\" \/>\n<meta property=\"article:published_time\" content=\"2025-12-09T20:40:00+00:00\" \/>\n<meta property=\"article:modified_time\" content=\"2026-01-05T09:42:17+00:00\" \/>\n<meta property=\"og:image\" content=\"https:\/\/orgueargenton36.fr\/wp-content\/uploads\/2025\/12\/PXL_20251207_143930571-scaled.jpg\" \/>\n\t<meta property=\"og:image:width\" content=\"1922\" \/>\n\t<meta property=\"og:image:height\" content=\"2560\" \/>\n\t<meta property=\"og:image:type\" content=\"image\/jpeg\" \/>\n<meta name=\"author\" content=\"Christine Abrossimov\" \/>\n<meta name=\"twitter:card\" content=\"summary_large_image\" \/>\n<meta name=\"twitter:label1\" content=\"\u00c9crit par\" \/>\n\t<meta name=\"twitter:data1\" content=\"Christine Abrossimov\" \/>\n\t<meta name=\"twitter:label2\" content=\"Dur\u00e9e de lecture estim\u00e9e\" \/>\n\t<meta name=\"twitter:data2\" content=\"2 minutes\" \/>\n<script type=\"application\/ld+json\" class=\"yoast-schema-graph\">{\"@context\":\"https:\/\/schema.org\",\"@graph\":[{\"@type\":\"WebPage\",\"@id\":\"https:\/\/orgueargenton36.fr\/index.php\/2025\/12\/09\/retour-sur-le-concert-duo-orgue-saxophone-du-7-decembre-2025\/\",\"url\":\"https:\/\/orgueargenton36.fr\/index.php\/2025\/12\/09\/retour-sur-le-concert-duo-orgue-saxophone-du-7-decembre-2025\/\",\"name\":\"Retour sur le Concert Duo Orgue Saxophone du 7 d\u00e9cembre 2025 - Les amis de l&#039;orgue d&#039;Argenton-sur-Creuse\",\"isPartOf\":{\"@id\":\"https:\/\/orgueargenton36.fr\/#website\"},\"primaryImageOfPage\":{\"@id\":\"https:\/\/orgueargenton36.fr\/index.php\/2025\/12\/09\/retour-sur-le-concert-duo-orgue-saxophone-du-7-decembre-2025\/#primaryimage\"},\"image\":{\"@id\":\"https:\/\/orgueargenton36.fr\/index.php\/2025\/12\/09\/retour-sur-le-concert-duo-orgue-saxophone-du-7-decembre-2025\/#primaryimage\"},\"thumbnailUrl\":\"https:\/\/orgueargenton36.fr\/wp-content\/uploads\/2025\/12\/PXL_20251207_143930571-scaled.jpg\",\"datePublished\":\"2025-12-09T20:40:00+00:00\",\"dateModified\":\"2026-01-05T09:42:17+00:00\",\"author\":{\"@id\":\"https:\/\/orgueargenton36.fr\/#\/schema\/person\/e966a0095cb07869d629af1bd301bc31\"},\"breadcrumb\":{\"@id\":\"https:\/\/orgueargenton36.fr\/index.php\/2025\/12\/09\/retour-sur-le-concert-duo-orgue-saxophone-du-7-decembre-2025\/#breadcrumb\"},\"inLanguage\":\"fr-FR\",\"potentialAction\":[{\"@type\":\"ReadAction\",\"target\":[\"https:\/\/orgueargenton36.fr\/index.php\/2025\/12\/09\/retour-sur-le-concert-duo-orgue-saxophone-du-7-decembre-2025\/\"]}]},{\"@type\":\"ImageObject\",\"inLanguage\":\"fr-FR\",\"@id\":\"https:\/\/orgueargenton36.fr\/index.php\/2025\/12\/09\/retour-sur-le-concert-duo-orgue-saxophone-du-7-decembre-2025\/#primaryimage\",\"url\":\"https:\/\/orgueargenton36.fr\/wp-content\/uploads\/2025\/12\/PXL_20251207_143930571-scaled.jpg\",\"contentUrl\":\"https:\/\/orgueargenton36.fr\/wp-content\/uploads\/2025\/12\/PXL_20251207_143930571-scaled.jpg\",\"width\":1922,\"height\":2560},{\"@type\":\"BreadcrumbList\",\"@id\":\"https:\/\/orgueargenton36.fr\/index.php\/2025\/12\/09\/retour-sur-le-concert-duo-orgue-saxophone-du-7-decembre-2025\/#breadcrumb\",\"itemListElement\":[{\"@type\":\"ListItem\",\"position\":1,\"name\":\"Accueil\",\"item\":\"https:\/\/orgueargenton36.fr\/\"},{\"@type\":\"ListItem\",\"position\":2,\"name\":\"Retour sur le Concert Duo Orgue Saxophone du 7 d\u00e9cembre 2025\"}]},{\"@type\":\"WebSite\",\"@id\":\"https:\/\/orgueargenton36.fr\/#website\",\"url\":\"https:\/\/orgueargenton36.fr\/\",\"name\":\"Les amis de l&#039;orgue d&#039;Argenton-sur-Creuse\",\"description\":\"Association\",\"potentialAction\":[{\"@type\":\"SearchAction\",\"target\":{\"@type\":\"EntryPoint\",\"urlTemplate\":\"https:\/\/orgueargenton36.fr\/?s={search_term_string}\"},\"query-input\":{\"@type\":\"PropertyValueSpecification\",\"valueRequired\":true,\"valueName\":\"search_term_string\"}}],\"inLanguage\":\"fr-FR\"},{\"@type\":\"Person\",\"@id\":\"https:\/\/orgueargenton36.fr\/#\/schema\/person\/e966a0095cb07869d629af1bd301bc31\",\"name\":\"Christine Abrossimov\",\"image\":{\"@type\":\"ImageObject\",\"inLanguage\":\"fr-FR\",\"@id\":\"https:\/\/orgueargenton36.fr\/#\/schema\/person\/image\/\",\"url\":\"https:\/\/secure.gravatar.com\/avatar\/a2a6c9f795ef3915effd1a754f501be2791cfa51b4fb8ab98035917187ef732f?s=96&d=mm&r=g\",\"contentUrl\":\"https:\/\/secure.gravatar.com\/avatar\/a2a6c9f795ef3915effd1a754f501be2791cfa51b4fb8ab98035917187ef732f?s=96&d=mm&r=g\",\"caption\":\"Christine Abrossimov\"},\"url\":\"https:\/\/orgueargenton36.fr\/index.php\/author\/christineadmin4323\/\"}]}<\/script>\n<!-- \/ Yoast SEO plugin. -->","yoast_head_json":{"title":"Retour sur le Concert Duo Orgue Saxophone du 7 d\u00e9cembre 2025 - Les amis de l&#039;orgue d&#039;Argenton-sur-Creuse","robots":{"index":"index","follow":"follow","max-snippet":"max-snippet:-1","max-image-preview":"max-image-preview:large","max-video-preview":"max-video-preview:-1"},"canonical":"https:\/\/orgueargenton36.fr\/index.php\/2025\/12\/09\/retour-sur-le-concert-duo-orgue-saxophone-du-7-decembre-2025\/","og_locale":"fr_FR","og_type":"article","og_title":"Retour sur le Concert Duo Orgue Saxophone du 7 d\u00e9cembre 2025 - Les amis de l&#039;orgue d&#039;Argenton-sur-Creuse","og_description":"Un magnifique Duo venu de Bavi\u00e8re, pour un programme d&rsquo;exception et un public conquis","og_url":"https:\/\/orgueargenton36.fr\/index.php\/2025\/12\/09\/retour-sur-le-concert-duo-orgue-saxophone-du-7-decembre-2025\/","og_site_name":"Les amis de l&#039;orgue d&#039;Argenton-sur-Creuse","article_published_time":"2025-12-09T20:40:00+00:00","article_modified_time":"2026-01-05T09:42:17+00:00","og_image":[{"width":1922,"height":2560,"url":"https:\/\/orgueargenton36.fr\/wp-content\/uploads\/2025\/12\/PXL_20251207_143930571-scaled.jpg","type":"image\/jpeg"}],"author":"Christine Abrossimov","twitter_card":"summary_large_image","twitter_misc":{"\u00c9crit par":"Christine Abrossimov","Dur\u00e9e de lecture estim\u00e9e":"2 minutes"},"schema":{"@context":"https:\/\/schema.org","@graph":[{"@type":"WebPage","@id":"https:\/\/orgueargenton36.fr\/index.php\/2025\/12\/09\/retour-sur-le-concert-duo-orgue-saxophone-du-7-decembre-2025\/","url":"https:\/\/orgueargenton36.fr\/index.php\/2025\/12\/09\/retour-sur-le-concert-duo-orgue-saxophone-du-7-decembre-2025\/","name":"Retour sur le Concert Duo Orgue Saxophone du 7 d\u00e9cembre 2025 - Les amis de l&#039;orgue d&#039;Argenton-sur-Creuse","isPartOf":{"@id":"https:\/\/orgueargenton36.fr\/#website"},"primaryImageOfPage":{"@id":"https:\/\/orgueargenton36.fr\/index.php\/2025\/12\/09\/retour-sur-le-concert-duo-orgue-saxophone-du-7-decembre-2025\/#primaryimage"},"image":{"@id":"https:\/\/orgueargenton36.fr\/index.php\/2025\/12\/09\/retour-sur-le-concert-duo-orgue-saxophone-du-7-decembre-2025\/#primaryimage"},"thumbnailUrl":"https:\/\/orgueargenton36.fr\/wp-content\/uploads\/2025\/12\/PXL_20251207_143930571-scaled.jpg","datePublished":"2025-12-09T20:40:00+00:00","dateModified":"2026-01-05T09:42:17+00:00","author":{"@id":"https:\/\/orgueargenton36.fr\/#\/schema\/person\/e966a0095cb07869d629af1bd301bc31"},"breadcrumb":{"@id":"https:\/\/orgueargenton36.fr\/index.php\/2025\/12\/09\/retour-sur-le-concert-duo-orgue-saxophone-du-7-decembre-2025\/#breadcrumb"},"inLanguage":"fr-FR","potentialAction":[{"@type":"ReadAction","target":["https:\/\/orgueargenton36.fr\/index.php\/2025\/12\/09\/retour-sur-le-concert-duo-orgue-saxophone-du-7-decembre-2025\/"]}]},{"@type":"ImageObject","inLanguage":"fr-FR","@id":"https:\/\/orgueargenton36.fr\/index.php\/2025\/12\/09\/retour-sur-le-concert-duo-orgue-saxophone-du-7-decembre-2025\/#primaryimage","url":"https:\/\/orgueargenton36.fr\/wp-content\/uploads\/2025\/12\/PXL_20251207_143930571-scaled.jpg","contentUrl":"https:\/\/orgueargenton36.fr\/wp-content\/uploads\/2025\/12\/PXL_20251207_143930571-scaled.jpg","width":1922,"height":2560},{"@type":"BreadcrumbList","@id":"https:\/\/orgueargenton36.fr\/index.php\/2025\/12\/09\/retour-sur-le-concert-duo-orgue-saxophone-du-7-decembre-2025\/#breadcrumb","itemListElement":[{"@type":"ListItem","position":1,"name":"Accueil","item":"https:\/\/orgueargenton36.fr\/"},{"@type":"ListItem","position":2,"name":"Retour sur le Concert Duo Orgue Saxophone du 7 d\u00e9cembre 2025"}]},{"@type":"WebSite","@id":"https:\/\/orgueargenton36.fr\/#website","url":"https:\/\/orgueargenton36.fr\/","name":"Les amis de l&#039;orgue d&#039;Argenton-sur-Creuse","description":"Association","potentialAction":[{"@type":"SearchAction","target":{"@type":"EntryPoint","urlTemplate":"https:\/\/orgueargenton36.fr\/?s={search_term_string}"},"query-input":{"@type":"PropertyValueSpecification","valueRequired":true,"valueName":"search_term_string"}}],"inLanguage":"fr-FR"},{"@type":"Person","@id":"https:\/\/orgueargenton36.fr\/#\/schema\/person\/e966a0095cb07869d629af1bd301bc31","name":"Christine Abrossimov","image":{"@type":"ImageObject","inLanguage":"fr-FR","@id":"https:\/\/orgueargenton36.fr\/#\/schema\/person\/image\/","url":"https:\/\/secure.gravatar.com\/avatar\/a2a6c9f795ef3915effd1a754f501be2791cfa51b4fb8ab98035917187ef732f?s=96&d=mm&r=g","contentUrl":"https:\/\/secure.gravatar.com\/avatar\/a2a6c9f795ef3915effd1a754f501be2791cfa51b4fb8ab98035917187ef732f?s=96&d=mm&r=g","caption":"Christine Abrossimov"},"url":"https:\/\/orgueargenton36.fr\/index.php\/author\/christineadmin4323\/"}]}},"_links":{"self":[{"href":"https:\/\/orgueargenton36.fr\/index.php\/wp-json\/wp\/v2\/posts\/2930","targetHints":{"allow":["GET"]}}],"collection":[{"href":"https:\/\/orgueargenton36.fr\/index.php\/wp-json\/wp\/v2\/posts"}],"about":[{"href":"https:\/\/orgueargenton36.fr\/index.php\/wp-json\/wp\/v2\/types\/post"}],"author":[{"embeddable":true,"href":"https:\/\/orgueargenton36.fr\/index.php\/wp-json\/wp\/v2\/users\/2"}],"replies":[{"embeddable":true,"href":"https:\/\/orgueargenton36.fr\/index.php\/wp-json\/wp\/v2\/comments?post=2930"}],"version-history":[{"count":1,"href":"https:\/\/orgueargenton36.fr\/index.php\/wp-json\/wp\/v2\/posts\/2930\/revisions"}],"predecessor-version":[{"id":2936,"href":"https:\/\/orgueargenton36.fr\/index.php\/wp-json\/wp\/v2\/posts\/2930\/revisions\/2936"}],"wp:featuredmedia":[{"embeddable":true,"href":"https:\/\/orgueargenton36.fr\/index.php\/wp-json\/wp\/v2\/media\/2934"}],"wp:attachment":[{"href":"https:\/\/orgueargenton36.fr\/index.php\/wp-json\/wp\/v2\/media?parent=2930"}],"wp:term":[{"taxonomy":"category","embeddable":true,"href":"https:\/\/orgueargenton36.fr\/index.php\/wp-json\/wp\/v2\/categories?post=2930"},{"taxonomy":"post_tag","embeddable":true,"href":"https:\/\/orgueargenton36.fr\/index.php\/wp-json\/wp\/v2\/tags?post=2930"}],"curies":[{"name":"wp","href":"https:\/\/api.w.org\/{rel}","templated":true}]}}